{"id":10346,"date":"2025-12-05T15:55:30","date_gmt":"2025-12-05T20:55:30","guid":{"rendered":"https:\/\/tecnologia.utp.edu.co\/doctorado-biotecnologia\/?p=10346"},"modified":"2026-01-21T15:51:35","modified_gmt":"2026-01-21T20:51:35","slug":"convocatoria-alianza-utp","status":"publish","type":"post","link":"https:\/\/tecnologia.utp.edu.co\/doctorado-biotecnologia\/sin-categoria\/convocatoria-alianza-utp\/","title":{"rendered":"Convocatoria Alianza UTP\u00a0"},"content":{"rendered":"\n<h2 class=\"wp-block-heading\">Convocatoria Alianza UTP \u201cForjando L\u00edderes para la Sostenibilidad: Formaci\u00f3n de alto nivel en Biodiversidad, Salud y Energ\u00eda en el Eje Cafetero Colombiano\u201d para la formaci\u00f3n doctoral.&nbsp;<\/h2>\n\n\n\n<p><span class=\"post-content__span\"> Desarrollo de la convocatoria No. 35 de 2024 de Miniciencias por parte de la Universidad Tecnol\u00f3gica de Pereira (UTP); desarrollo a trav\u00e9s de la convocatoria Alianza UTP \u201c<em>Forjando L\u00edderes para la Sostenibilidad: Formaci\u00f3n de alto nivel en Biodiversidad, Salud y Energ\u00eda en el Eje Cafetero Colombiano<\/em>\u201d para la formaci\u00f3n doctoral.&nbsp;<\/p>\n\n\n\n<p><span class=\"post-content__span\"> La convocatoria de la Alianza UTP se encuentra dividida en dos etapas, la primera etapa es la admisi\u00f3n al programa de Doctorado en Biotecnolog\u00eda&nbsp; y la segunda es la postulaci\u00f3n a la convocatoria de la Alianza.&nbsp;<\/p>\n\n\n\n<h2 class=\"wp-block-heading\">Informaci\u00f3n General<\/h2>\n\n\n\n<h2 class=\"wp-block-heading\"><strong>Los rubros a financiar son<\/strong>:<\/h2>\n\n\n\n<p><span class=\"post-content__span\"> Los beneficiarios de la convocatoria recibir\u00e1n un&nbsp;<strong>cr\u00e9dito educativo condonable&nbsp;<\/strong>que cubre los principales costos asociados a su proceso de formaci\u00f3n doctoral, con el prop\u00f3sito de fortalecer las capacidades cient\u00edficas, tecnol\u00f3gicas e investigativas en el Eje Cafetero. Los apoyos econ\u00f3micos se distribuyen de la siguiente manera:<\/p>\n\n\n\n<ul class=\"wp-block-list\">\n<li>Financiaci\u00f3n de matr\u00edcula:&nbsp;<strong>hasta $96.000.000&nbsp;<\/strong>(NOVENTA Y SEIS MILLONES DE PESOS M\/CTE), destinados al&nbsp;<strong>pago de la matr\u00edcula&nbsp;<\/strong>por hasta ocho (8) semestres acad\u00e9micos o hasta agotar el recurso correspondiente a este rubro.<\/li>\n\n\n\n<li>Apoyo para sostenimiento:&nbsp;<strong>$4.500.000&nbsp;<\/strong>(CUATRO MILLONES QUINIENTOS MIL PESOS M\/CTE) hasta por 4 a\u00f1os.<\/li>\n\n\n\n<li>Apoyo para el desarrollo de la Propuesta de investigaci\u00f3n:&nbsp;<strong>hasta $45.000.000&nbsp;<\/strong>(CUARENTA Y CINCO MILLONES DE PESOS M\/CTE). Este rubro ser\u00e1 utilizado exclusivamente para apoyar el desarrollo del trabajo doctoral, as\u00ed como tambi\u00e9n podr\u00e1 ser usado para movilidad internacional (estancia de investigaci\u00f3n).<\/li>\n<\/ul>\n\n\n\n<p><span class=\"post-content__span\"> <strong>El cr\u00e9dito educativo ser\u00e1 condonable total o parcialmente, seg\u00fan las siguientes condiciones:<\/strong><\/p>\n\n\n\n<ul class=\"wp-block-list\">\n<li><strong>Condonaci\u00f3n del 100%<\/strong>: se otorgar\u00e1 a los beneficiarios que culminen satisfactoriamente su programa doctoral, obtengan el t\u00edtulo correspondiente y presenten los soportes requeridos. Tambi\u00e9n aplica en casos de incapacidad total y permanente o fallecimiento del beneficiario.<\/li>\n\n\n\n<li><strong>Condonaci\u00f3n hasta del 80%<\/strong>: aplicar\u00e1 para aquellos beneficiarios que, sin haber obtenido el t\u00edtulo en el tiempo establecido, presenten productos de I+D+i derivados de la ejecuci\u00f3n del cr\u00e9dito educativo. En este caso, por cada producto presentado y avalado por los t\u00e9rminos de referencia de la convocatoria, se otorgar\u00e1 un 20% de condonaci\u00f3n, esto significa que con 4 productos de I+D+i se podr\u00e1 lograr el 80% de condonaci\u00f3n que es posible bajo esta alternativa<\/li>\n<\/ul>\n\n\n\n<p><span class=\"post-content__span\"> <strong>\u00bfQu\u00e9 sigue si est\u00e1s interesado en la convocatoria Alianza UTP?<\/strong><\/p>\n\n\n\n<p><span class=\"post-content__span\"> <strong>1<\/strong>. Cont\u00e1ctanos al correo&nbsp;<a href=\"mailto:docbiotecnologia@utp.edu.co\" target=\"_blank\" rel=\"noreferrer noopener\">docbiotecnologia@utp.edu.co<\/a><\/p>\n\n\n\n<p><span class=\"post-content__span\"> <strong>2<\/strong>. Realizar el proceso de inscripci\u00f3n en el siguiente link:&nbsp;<a href=\"https:\/\/app4.utp.edu.co\/gtisi\/enrollments\/stepper-enrollment\" target=\"_blank\" rel=\"noreferrer noopener\">https:\/\/app4.utp.edu.co\/gtisi\/enrollments\/stepper-enrollment<\/a><\/p>\n\n\n\n<p><span class=\"post-content__span\"> <strong>3<\/strong>.&nbsp;Prepara la propuesta de investigaci\u00f3n respondiendo a por lo menos uno de los retos, enmarcada dentro de un alcance tem\u00e1tico y dando respuesta a una demanda territorial. ( Se anexa formato)<\/p>\n\n\n\n<p><span class=\"post-content__span\"> <strong>4<\/strong>. Diligenciar el link de aspirantes a la convocatoria:&nbsp;<a href=\"https:\/\/media2.utp.edu.co\/programas\/93\/3.-Formato-de-propuesta-doctoral-Aspirante-3.docx\">https:\/\/media2.utp.edu.co\/programas\/93\/3.-Formato-de-propuesta-doctoral-Aspirante-3.docx<\/a>&nbsp;<\/p>\n\n\n\n<p><span class=\"post-content__span\"> <strong>5.<\/strong>\u00a0Recuerda que debes enviarnos la documentaci\u00f3n para el proceso de admisi\u00f3n entre el 4 de enero al 24 de enero del 2026.<br><\/p>\n\n\n\n<hr class=\"wp-block-separator has-alpha-channel-opacity\" \/>\n\n\n\n<ul class=\"wp-block-list\">\n<li class=\"has-small-font-size\">Actualizaci\u00f3n <\/li>\n<\/ul>\n\n\n\n<h2 class=\"wp-block-heading\">Formulario de Inscripci\u00f3n convocatoria \u201cForjando L\u00edderes para la Sostenibilidad: Formaci\u00f3n de alto nivel en Biodiversidad, Salud y Energ\u00eda en el Eje Cafetero Colombiano\u201d<\/h2>\n\n\n\n<p><span class=\"post-content__span\"> En el marco del proceso de inscripci\u00f3n a la convocatoria<strong>&nbsp;\u201cForjando L\u00edderes para la Sostenibilidad: Formaci\u00f3n de alto nivel en Biodiversidad, Salud y Energ\u00eda en el Eje Cafetero Colombiano\u201d<\/strong>, se socializan algunas consideraciones claves relacionadas con el&nbsp;<a href=\"https:\/\/forms.gle\/Gmmz2FXGhsWVVXG1A\" target=\"_blank\" rel=\"noreferrer noopener\">Formulario de Inscripci\u00f3n<\/a>.<\/p>\n\n\n\n<p><span class=\"post-content__span\"> Es fundamental que los aspirantes&nbsp;<strong>revisen con detenimiento<\/strong>&nbsp;las consideraciones y advertencias incluidas en la primera secci\u00f3n del formulario, ya que estas contienen informaci\u00f3n relevante para el correcto diligenciamiento del proceso. En particular, es importante enfatizar que el formulario solo puede enviarse&nbsp;<strong>una \u00fanica vez<\/strong>, por lo que se recomienda verificar cuidadosamente toda la informaci\u00f3n antes de su env\u00edo definitivo.<\/p>\n\n\n\n<p><span class=\"post-content__span\"> Adicionalmente, se informa que el&nbsp;<strong>formato<\/strong>&nbsp;para la presentaci\u00f3n de la&nbsp;<strong>propuesta de investigaci\u00f3n<\/strong>&nbsp;se encuentra disponible para descarga directamente en el mismo formulario de inscripci\u00f3n, y debe ser utilizado conforme a las instrucciones all\u00ed indicadas.<\/p>\n","protected":false},"excerpt":{"rendered":"<p>Convocatoria Alianza UTP \u201cForjando L\u00edderes para la Sostenibilidad: Formaci\u00f3n de alto nivel en Biodiversidad, Salud y Energ\u00eda en el Eje Cafetero Colombiano\u201d para la formaci\u00f3n doctoral.&nbsp; Desarrollo de la convocatoria [&#8230;]<\/p>\n","protected":false},"author":126,"featured_media":0,"comment_status":"closed","ping_status":"closed","sticky":false,"template":"","format":"standard","meta":{"footnotes":""},"categories":[21,1],"tags":[],"class_list":["post-10346","post","type-post","status-publish","format-standard","hentry","category-noticias-de-interes","category-sin-categoria"],"_links":{"self":[{"href":"https:\/\/tecnologia.utp.edu.co\/doctorado-biotecnologia\/wp-json\/wp\/v2\/posts\/10346","targetHints":{"allow":["GET"]}}],"collection":[{"href":"https:\/\/tecnologia.utp.edu.co\/doctorado-biotecnologia\/wp-json\/wp\/v2\/posts"}],"about":[{"href":"https:\/\/tecnologia.utp.edu.co\/doctorado-biotecnologia\/wp-json\/wp\/v2\/types\/post"}],"author":[{"embeddable":true,"href":"https:\/\/tecnologia.utp.edu.co\/doctorado-biotecnologia\/wp-json\/wp\/v2\/users\/126"}],"replies":[{"embeddable":true,"href":"https:\/\/tecnologia.utp.edu.co\/doctorado-biotecnologia\/wp-json\/wp\/v2\/comments?post=10346"}],"version-history":[{"count":5,"href":"https:\/\/tecnologia.utp.edu.co\/doctorado-biotecnologia\/wp-json\/wp\/v2\/posts\/10346\/revisions"}],"predecessor-version":[{"id":10356,"href":"https:\/\/tecnologia.utp.edu.co\/doctorado-biotecnologia\/wp-json\/wp\/v2\/posts\/10346\/revisions\/10356"}],"wp:attachment":[{"href":"https:\/\/tecnologia.utp.edu.co\/doctorado-biotecnologia\/wp-json\/wp\/v2\/media?parent=10346"}],"wp:term":[{"taxonomy":"category","embeddable":true,"href":"https:\/\/tecnologia.utp.edu.co\/doctorado-biotecnologia\/wp-json\/wp\/v2\/categories?post=10346"},{"taxonomy":"post_tag","embeddable":true,"href":"https:\/\/tecnologia.utp.edu.co\/doctorado-biotecnologia\/wp-json\/wp\/v2\/tags?post=10346"}],"curies":[{"name":"wp","href":"https:\/\/api.w.org\/{rel}","templated":true}]}}