{"id":10246,"date":"2025-07-21T17:58:34","date_gmt":"2025-07-21T22:58:34","guid":{"rendered":"https:\/\/tecnologia.utp.edu.co\/especializacion-logistica-empresarial\/?p=10246"},"modified":"2025-10-24T16:49:49","modified_gmt":"2025-10-24T21:49:49","slug":"elecciones","status":"publish","type":"post","link":"https:\/\/tecnologia.utp.edu.co\/especializacion-logistica-empresarial\/sin-categoria\/elecciones\/","title":{"rendered":"Elecciones"},"content":{"rendered":"\n<details style=\"border: 1px solid #ccc;border-radius: 4px;padding: 10px;background-color: white;width: 100%;color: #003366;margin: 0 auto\" open>\n<summary style=\"font-weight: bold;color: #003366;cursor: pointer\">Elecciones del programa de la Especializaci\u00f3n en Log\u00edstica Empresarial 2025<\/summary>\n<hr>\n<ul style=\"margin-top: 10px;padding-left: 20px\">\n<li style=\"margin: 5px 0\">\n<details style=\"margin: 5px 0\">\n<summary style=\"font-weight: bold;color: #003366;cursor: pointer\">Mayo 07 de 2025<\/summary>\n<div style=\"padding: 10px;margin-top: 5px\">\n<a href=\"https:\/\/media2.utp.edu.co\/programas\/91\/RD-23-CONVOCA-ELECCION-REP.-ESTUDIANTIL-ELE-2.pdf\" style=\"color: #003366;margin: 5px 0\" target=\"_blank\">\n\ud83d\udcc4 Ver PDF de la resoluci\u00f3n 23 \u2013 Elecci\u00f3n del representante estudiantil ante el comit\u00e9 curricular de la Especializaci\u00f3n en Log\u00edstica Empresarial\n<\/a>\n<p><span class=\"post-content__span\"> \n<a href=\"https:\/\/media2.utp.edu.co\/programas\/91\/5.-Informe-canditatos-Inscritos.pdf\" style=\"color: #003366;margin: 5px 0\" target=\"_blank\">\n\ud83e\uddfe Ver publicaci\u00f3n del listado definitivo de aspirantes inscritos\n<\/a>\n<\/div>\n<\/details>\n<\/li>\n<li style=\"margin: 5px 0\">\n<details style=\"margin: 5px 0\">\n<summary style=\"font-weight: bold;color: #003366;cursor: pointer\">Agosto 21 de 2025<\/summary>\n<div style=\"padding: 10px;margin-top: 5px\">\n<a href=\"https:\/\/media2.utp.edu.co\/programas\/91\/RD-34-CONVOCA-ELECCION-REP.-ESTUDIANTIL-ELE.pdf\" target=\"_blank\">\n\ud83d\udcc4 Ver PDF de la resoluci\u00f3n 34 \u2013 Elecci\u00f3n del representante estudiantil ante el comit\u00e9 curricular de la Especializaci\u00f3n en Log\u00edstica Empresarial\n<\/a>\n<a href=\"https:\/\/media2.utp.edu.co\/programas\/91\/RD-37-DECLARA-DESIERTAS-CONVOCATORIAS-34-y-35-1.pdf\" style=\"color: #003366;margin: 5px 0\" target=\"_blank\">\n<p><span class=\"post-content__span\"> \n\ud83e\uddfe Ver resoluci\u00f3n de resultados\n<\/a>\n<\/div>\n<\/details>\n<\/li>\n<li style=\"margin: 5px 0\">\n<details style=\"margin: 5px 0\">\n<summary style=\"font-weight: bold;color: #003366;cursor: pointer\">Septiembre 04 de 2025<\/summary>\n<div style=\"padding: 10px;margin-top: 5px\">\n<a href=\"https:\/\/media2.utp.edu.co\/programas\/91\/RD-39-CONVOCA-ELECCION-REP.-ESTUDIANTIL-ELE-ELECCIONES-SEPTIEMBRE.pdf\" target=\"_blank\">\n\ud83d\udcc4 Ver PDF de la resoluci\u00f3n 39 \u2013 Elecci\u00f3n del representante estudiantil ante el comit\u00e9 curricular de la Especializaci\u00f3n en Log\u00edstica Empresarial\n<\/a>\n<p><span class=\"post-content__span\"> \n<a href=\"https:\/\/media2.utp.edu.co\/programas\/91\/5.3.-Informe-canditatos-Inscritos-ELE.pdf\" target=\"_blank\">\n\ud83e\uddfe Ver publicaci\u00f3n del listado definitivo de aspirantes inscritos\n<\/a>\n<p><span class=\"post-content__span\"> \n<a href=\"https:\/\/media2.utp.edu.co\/programas\/91\/RD-45-DECLARA-DESIERTA-CONVOCATORIA-39.pdf\" target=\"_blank\">\n\ud83e\uddfe Ver resoluci\u00f3n de resultados\n<\/a>\n<\/div>\n<\/details>\n<\/li>\n<li style=\"margin: 5px 0\">\n<details style=\"margin: 5px 0\">\n<summary style=\"font-weight: bold;color: #003366;cursor: pointer\">Octubre 16 de 2025<\/summary>\n<div style=\"padding: 10px;margin-top: 5px\">\n<a href=\"https:\/\/media2.utp.edu.co\/programas\/91\/RD-47-CONVOCA-ELECCION-REP.-ESTUDIANTIL-ELE-ELECCIONES-OCTUBRE-1.pdf\" target=\"_blank\">\n\ud83d\udcc4 Ver PDF de la resoluci\u00f3n 47 \u2013 Elecci\u00f3n del representante estudiantil ante el comit\u00e9 curricular de la Especializaci\u00f3n en Log\u00edstica Empresarial\n<\/a>\n<p><span class=\"post-content__span\"> \n<a href=\"https:\/\/media2.utp.edu.co\/programas\/91\/5.3-Informe-canditatos-Inscrito-ELE.pdf\" target=\"_blank\">\n\ud83e\uddfe Ver publicaci\u00f3n del listado definitivo de aspirantes inscritos\n<\/a>\n<p><span class=\"post-content__span\"> \n<a href=\"https:\/\/media2.utp.edu.co\/programas\/91\/RD-49-DECLARA-DESIERTA-CONVOCATORIA-47.pdf\" target=\"_blank\">\n\ud83e\uddfe Ver resoluci\u00f3n de resultados\n<\/a>\n<\/div>\n<\/details>\n\n\n\n<p><span class=\"post-content__span\"> <\/p>\n","protected":false},"excerpt":{"rendered":"<p>Elecciones del programa de la Especializaci\u00f3n en Log\u00edstica Empresarial 2025 Mayo 07 de 2025 \ud83d\udcc4 Ver PDF de la resoluci\u00f3n 23 \u2013 Elecci\u00f3n del representante estudiantil ante el comit\u00e9 curricular [&#8230;]<\/p>\n","protected":false},"author":126,"featured_media":0,"comment_status":"closed","ping_status":"closed","sticky":false,"template":"","format":"standard","meta":{"footnotes":""},"categories":[23,1],"tags":[],"class_list":["post-10246","post","type-post","status-publish","format-standard","hentry","category-noticias-de-interes","category-sin-categoria"],"_links":{"self":[{"href":"https:\/\/tecnologia.utp.edu.co\/especializacion-logistica-empresarial\/wp-json\/wp\/v2\/posts\/10246","targetHints":{"allow":["GET"]}}],"collection":[{"href":"https:\/\/tecnologia.utp.edu.co\/especializacion-logistica-empresarial\/wp-json\/wp\/v2\/posts"}],"about":[{"href":"https:\/\/tecnologia.utp.edu.co\/especializacion-logistica-empresarial\/wp-json\/wp\/v2\/types\/post"}],"author":[{"embeddable":true,"href":"https:\/\/tecnologia.utp.edu.co\/especializacion-logistica-empresarial\/wp-json\/wp\/v2\/users\/126"}],"replies":[{"embeddable":true,"href":"https:\/\/tecnologia.utp.edu.co\/especializacion-logistica-empresarial\/wp-json\/wp\/v2\/comments?post=10246"}],"version-history":[{"count":2,"href":"https:\/\/tecnologia.utp.edu.co\/especializacion-logistica-empresarial\/wp-json\/wp\/v2\/posts\/10246\/revisions"}],"predecessor-version":[{"id":10264,"href":"https:\/\/tecnologia.utp.edu.co\/especializacion-logistica-empresarial\/wp-json\/wp\/v2\/posts\/10246\/revisions\/10264"}],"wp:attachment":[{"href":"https:\/\/tecnologia.utp.edu.co\/especializacion-logistica-empresarial\/wp-json\/wp\/v2\/media?parent=10246"}],"wp:term":[{"taxonomy":"category","embeddable":true,"href":"https:\/\/tecnologia.utp.edu.co\/especializacion-logistica-empresarial\/wp-json\/wp\/v2\/categories?post=10246"},{"taxonomy":"post_tag","embeddable":true,"href":"https:\/\/tecnologia.utp.edu.co\/especializacion-logistica-empresarial\/wp-json\/wp\/v2\/tags?post=10246"}],"curies":[{"name":"wp","href":"https:\/\/api.w.org\/{rel}","templated":true}]}}