{"id":21,"date":"2018-04-23T17:43:02","date_gmt":"2018-04-23T22:43:02","guid":{"rendered":"https:\/\/tecnologias.utp.edu.co\/especializacion-logistica-empresarial\/sin-categoria\/plan-de-estudios\/"},"modified":"2022-09-30T15:06:05","modified_gmt":"2022-09-30T20:06:05","slug":"2-plan-de-estudios","status":"publish","type":"post","link":"https:\/\/tecnologia.utp.edu.co\/especializacion-logistica-empresarial\/sin-categoria\/2-plan-de-estudios\/","title":{"rendered":"Plan de Estudios"},"content":{"rendered":"\n<p><span class=\"post-content__span\"> <strong>\u00a0 \u00a0 \u00a0 \u00a0 \u00a0 \u00a0 \u00a0 \u00a0 \u00a0 \u00a0 \u00a0 \u00a0 \u00a0 \u00a0 \u00a0 \u00a0 \u00a0 \u00a0 \u00a0 \u00a0 \u00a0 \u00a0 \u00a0 \u00a0 \u00a0 \u00a0 \u00a0 PLAN DE ESTUDIOS VIGENTE\u00a0<\/strong><\/p>\n\n\n\n<h3 class=\"wp-block-heading\"><strong>Semestre 1<\/strong><\/h3>\n\n\n\n<figure class=\"wp-block-table is-style-stripes table\"><table><thead><tr><th><strong>C\u00f3digo<\/strong><\/th><th><strong>Nombre de la Asignatura<\/strong><\/th><th><strong>\u00a0Horas Presenciales<\/strong><\/th><\/tr><\/thead><tbody><tr><td>\n<p><span class=\"post-content__span\"> AO112<\/p>\n<\/td><td>\n<p><span class=\"post-content__span\"> Fundamentos de la Gesti\u00f3n de la Cadena de Abastecimiento<\/p>\n<\/td><td>\n<p><span class=\"post-content__span\"> 36<\/p>\n<\/td><\/tr><tr><td>\n<p><span class=\"post-content__span\"> AO123<\/p>\n<\/td><td>\n<p><span class=\"post-content__span\"> Administraci\u00f3n de Compras y Sistemas de Administraci\u00f3n de Inventarios<\/p>\n<\/td><td>\n<p><span class=\"post-content__span\"> 48<\/p>\n<\/td><\/tr><tr><td>\n<p><span class=\"post-content__span\"> AO133<\/p>\n<\/td><td>\n<p><span class=\"post-content__span\"> Log\u00edstica del Sistema Productivo<\/p>\n<\/td><td>\n<p><span class=\"post-content__span\"> 48<\/p>\n<\/td><\/tr><tr><td>\n<p><span class=\"post-content__span\"> AO143<\/p>\n<\/td><td>\n<p><span class=\"post-content__span\"> Sistemas de Informaci\u00f3n y Herramientas Inform\u00e1ticas en la Gesti\u00f3n Log\u00edstica<\/p>\n<\/td><td>\n<p><span class=\"post-content__span\"> 36<\/p>\n<\/td><\/tr><tr><td>\n<p><span class=\"post-content__span\"> AO153<\/p>\n<\/td><td>\n<p><span class=\"post-content__span\"> Seminario de Investigaci\u00f3n Log\u00edstica I<\/p>\n<\/td><td>\n<p><span class=\"post-content__span\"> 36<\/p>\n<\/td><\/tr><tr><td>\n<p><span class=\"post-content__span\"> AO171<\/p>\n<\/td><td>\n<p><span class=\"post-content__span\"> Trabajo de Grado I<\/p>\n<\/td><td>\n<p><span class=\"post-content__span\"> 24<\/p>\n<\/td><\/tr><\/tbody><\/table><\/figure>\n\n\n\n<h3 class=\"wp-block-heading\">Semestre 2<\/h3>\n\n\n\n<figure class=\"wp-block-table is-style-stripes\"><table><thead><tr><th><strong>C\u00f3digo<\/strong><\/th><th><strong>Nombre de la Asignatura<\/strong><\/th><th><strong>Horas Presenciales<\/strong><\/th><\/tr><\/thead><tbody><tr><td>\n<p><span class=\"post-content__span\"> AO212<\/p>\n<\/td><td>\n<p><span class=\"post-content__span\"> Gesti\u00f3n y Administraci\u00f3n de Almacenes y Puntos Ventas<\/p>\n<\/td><td>\n<p><span class=\"post-content__span\"> 36<\/p>\n<\/td><\/tr><tr><td>\n<p><span class=\"post-content__span\"> AO223<\/p>\n<\/td><td>\n<p><span class=\"post-content__span\"> Gesti\u00f3n del Transporte. An\u00e1lisis y Modelos de Planeaci\u00f3n para Transporte y Distribuci\u00f3n F\u00edsica<\/p>\n<\/td><td>\n<p><span class=\"post-content__span\"> 36<\/p>\n<\/td><\/tr><tr><td>\n<p><span class=\"post-content__span\"> AO232<\/p>\n<\/td><td>\n<p><span class=\"post-content__span\"> Herramientas para la Elaboraci\u00f3n, Medici\u00f3n y An\u00e1lisis de los Indicadores de Gesti\u00f3n Log\u00edstica<\/p>\n<\/td><td>\n<p><span class=\"post-content__span\"> 36<\/p>\n<\/td><\/tr><tr><td>\n<p><span class=\"post-content__span\"> AO233<\/p>\n<\/td><td>\n<p><span class=\"post-content__span\"> Log\u00edstica Internacional<\/p>\n<\/td><td>\n<p><span class=\"post-content__span\"> 48<\/p>\n<\/td><\/tr><tr><td>\n<p><span class=\"post-content__span\"> AO262<\/p>\n<\/td><td>\n<p><span class=\"post-content__span\"> Electivas: Planeaci\u00f3n Estrat\u00e9gica Log\u00edstica, \u00c9tica en los Negocios, Log\u00edstica Inversa, Macrotendencias<\/p>\n<\/td><td>\n<p><span class=\"post-content__span\"> 36<\/p>\n<\/td><\/tr><tr><td>\n<p><span class=\"post-content__span\"> AO272<\/p>\n<\/td><td>\n<p><span class=\"post-content__span\"> Trabajo de Grado II<\/p>\n<\/td><td> <p><span class=\"post-content__span\"> 24<\/p> <\/td><\/tr><\/tbody><\/table><\/figure>\n","protected":false},"excerpt":{"rendered":"<p>\u00a0 \u00a0 \u00a0 \u00a0 \u00a0 \u00a0 \u00a0 \u00a0 \u00a0 \u00a0 \u00a0 \u00a0 \u00a0 \u00a0 \u00a0 \u00a0 \u00a0 \u00a0 \u00a0 \u00a0 \u00a0 \u00a0 \u00a0 \u00a0 \u00a0 \u00a0 \u00a0 PLAN DE ESTUDIOS [&#8230;]<\/p>\n","protected":false},"author":1,"featured_media":0,"comment_status":"closed","ping_status":"closed","sticky":false,"template":"","format":"standard","meta":{"footnotes":""},"categories":[1],"tags":[],"class_list":["post-21","post","type-post","status-publish","format-standard","hentry","category-sin-categoria"],"_links":{"self":[{"href":"https:\/\/tecnologia.utp.edu.co\/especializacion-logistica-empresarial\/wp-json\/wp\/v2\/posts\/21","targetHints":{"allow":["GET"]}}],"collection":[{"href":"https:\/\/tecnologia.utp.edu.co\/especializacion-logistica-empresarial\/wp-json\/wp\/v2\/posts"}],"about":[{"href":"https:\/\/tecnologia.utp.edu.co\/especializacion-logistica-empresarial\/wp-json\/wp\/v2\/types\/post"}],"author":[{"embeddable":true,"href":"https:\/\/tecnologia.utp.edu.co\/especializacion-logistica-empresarial\/wp-json\/wp\/v2\/users\/1"}],"replies":[{"embeddable":true,"href":"https:\/\/tecnologia.utp.edu.co\/especializacion-logistica-empresarial\/wp-json\/wp\/v2\/comments?post=21"}],"version-history":[{"count":5,"href":"https:\/\/tecnologia.utp.edu.co\/especializacion-logistica-empresarial\/wp-json\/wp\/v2\/posts\/21\/revisions"}],"predecessor-version":[{"id":10207,"href":"https:\/\/tecnologia.utp.edu.co\/especializacion-logistica-empresarial\/wp-json\/wp\/v2\/posts\/21\/revisions\/10207"}],"wp:attachment":[{"href":"https:\/\/tecnologia.utp.edu.co\/especializacion-logistica-empresarial\/wp-json\/wp\/v2\/media?parent=21"}],"wp:term":[{"taxonomy":"category","embeddable":true,"href":"https:\/\/tecnologia.utp.edu.co\/especializacion-logistica-empresarial\/wp-json\/wp\/v2\/categories?post=21"},{"taxonomy":"post_tag","embeddable":true,"href":"https:\/\/tecnologia.utp.edu.co\/especializacion-logistica-empresarial\/wp-json\/wp\/v2\/tags?post=21"}],"curies":[{"name":"wp","href":"https:\/\/api.w.org\/{rel}","templated":true}]}}