{"id":8,"date":"2010-06-18T10:57:55","date_gmt":"2010-06-18T15:57:55","guid":{"rendered":"https:\/\/tecnologias.utp.edu.co\/tecnologia-industrial\/2010\/06\/18\/perfil-profesional\/"},"modified":"2010-06-18T10:57:55","modified_gmt":"2010-06-18T15:57:55","slug":"perfil-profesional","status":"publish","type":"post","link":"https:\/\/tecnologia.utp.edu.co\/tecnologia-industrial\/sin-categoria\/perfil-profesional\/","title":{"rendered":"Perfil profesional"},"content":{"rendered":"\n<p>El egresado del programa de Tecnolog\u00eda Industrial de la&nbsp;Facultad de Tecnolog\u00eda, es una persona \u00e9ticamente&nbsp;fundamentada e inquieta en lo sociocultural, educada con&nbsp;sensibilidad tecnol\u00f3gica, como investigadora y gestora de la Tecnolog\u00eda en las&nbsp;organizaciones, competente en el dise\u00f1o e innovaci\u00f3n de los procesos tecnol\u00f3gicos y cr\u00edtica de sus repercusiones&nbsp;multiesc\u00e9nicas, buena lectora \u2013 escritora y pensadora creativa \u2013 propositiva del saber&nbsp;tecnol\u00f3gico.<\/p>\n","protected":false},"excerpt":{"rendered":"<p>El egresado del programa de Tecnolog\u00eda Industrial de la&nbsp;Facultad de Tecnolog\u00eda, es una persona \u00e9ticamente&nbsp;fundamentada e inquieta en lo sociocultural, educada con&nbsp;sensibilidad tecnol\u00f3gica, como investigadora y gestora de la Tecnolog\u00eda en las&nbsp;organizaciones, competente en el [&#8230;]<\/p>\n","protected":false},"author":1,"featured_media":0,"comment_status":"closed","ping_status":"closed","sticky":false,"template":"","format":"standard","meta":{"footnotes":""},"categories":[1],"tags":[],"class_list":["post-8","post","type-post","status-publish","format-standard","hentry","category-sin-categoria"],"_links":{"self":[{"href":"https:\/\/tecnologia.utp.edu.co\/tecnologia-industrial\/wp-json\/wp\/v2\/posts\/8","targetHints":{"allow":["GET"]}}],"collection":[{"href":"https:\/\/tecnologia.utp.edu.co\/tecnologia-industrial\/wp-json\/wp\/v2\/posts"}],"about":[{"href":"https:\/\/tecnologia.utp.edu.co\/tecnologia-industrial\/wp-json\/wp\/v2\/types\/post"}],"author":[{"embeddable":true,"href":"https:\/\/tecnologia.utp.edu.co\/tecnologia-industrial\/wp-json\/wp\/v2\/users\/1"}],"replies":[{"embeddable":true,"href":"https:\/\/tecnologia.utp.edu.co\/tecnologia-industrial\/wp-json\/wp\/v2\/comments?post=8"}],"version-history":[{"count":0,"href":"https:\/\/tecnologia.utp.edu.co\/tecnologia-industrial\/wp-json\/wp\/v2\/posts\/8\/revisions"}],"wp:attachment":[{"href":"https:\/\/tecnologia.utp.edu.co\/tecnologia-industrial\/wp-json\/wp\/v2\/media?parent=8"}],"wp:term":[{"taxonomy":"category","embeddable":true,"href":"https:\/\/tecnologia.utp.edu.co\/tecnologia-industrial\/wp-json\/wp\/v2\/categories?post=8"},{"taxonomy":"post_tag","embeddable":true,"href":"https:\/\/tecnologia.utp.edu.co\/tecnologia-industrial\/wp-json\/wp\/v2\/tags?post=8"}],"curies":[{"name":"wp","href":"https:\/\/api.w.org\/{rel}","templated":true}]}}