{"id":9,"date":"2010-06-17T10:52:35","date_gmt":"2010-06-17T15:52:35","guid":{"rendered":"https:\/\/tecnologias.utp.edu.co\/tecnologia-quimica\/sin-categoria\/perfil-profesional-y-ocupacional\/"},"modified":"2022-09-26T16:26:49","modified_gmt":"2022-09-26T21:26:49","slug":"perfil-profesional-y-ocupacional","status":"publish","type":"post","link":"https:\/\/tecnologia.utp.edu.co\/tecnologia-quimica\/sin-categoria\/perfil-profesional-y-ocupacional\/","title":{"rendered":"Perfil profesional y Ocupacional"},"content":{"rendered":"\n<h3 class=\"wp-block-heading\"><span><strong><em>PERFIL PROFESIONAL<\/em><\/strong><\/span><\/h3>\n\n\n\n<p>Se concibe el Perfil Profesional como los conocimientos adquiridos por el Tecn\u00f3logo Qu\u00edmico de la Universidad Tecnol\u00f3gica de Pereira y que lo capacitan para desarrollar todas las actividades que se indican en el Perfil Ocupacional.<\/p>\n\n\n\n<p>El Tecn\u00f3logo Qu\u00edmico de la Universidad Tecnol\u00f3gica de Pereira, requiere de los siguientes conjuntos de conocimientos, destrezas y aptitudes para alcanzar la identidad profesional que tiene el programa y las actividades que indica el perfil ocupacional.<\/p>\n\n\n\n<h3 class=\"wp-block-heading\"><strong>CONOCIMIENTOS<\/strong><\/h3>\n\n\n\n<ul class=\"wp-block-list\"><li><strong>Fundamentaci\u00f3n Cient\u00edfica:<\/strong> Apropiarse de un conjunto de conocimientos de las ciencias b\u00e1sicas fundamentales para adquirir una comprensi\u00f3n de los fen\u00f3menos, principios, leyes y m\u00e9todos de la ciencia que le permitir\u00e1n manejarlos, comprobarlos y aplicarlos en el campo de la Tecnolog\u00eda Qu\u00edmica.<\/li><li><strong>Formaci\u00f3n Tecnol\u00f3gica Espec\u00edfica<\/strong>: Desarrollar un conjunto de conocimientos, t\u00e9cnicas, habilidades y destrezas aplicadas a la soluci\u00f3n de problemas que dan la identidad al Tecn\u00f3logo Qu\u00edmico, para su quehacer profesional.<\/li><li><strong>Formaci\u00f3n Social y Human\u00edstica:<\/strong> Tener una formaci\u00f3n integral del hombre, al considerarlo como sujeto de conocimiento, cultura y conciencia como ser social.<\/li><\/ul>\n\n\n\n<h3 class=\"wp-block-heading\"><strong>HABILIDADES Y DESTREZAS<\/strong><\/h3>\n\n\n\n<ul class=\"wp-block-list\"><li>Habilidades mentales como razonamiento, an\u00e1lisis y s\u00edntesis.<\/li><li>Soluci\u00f3n de problemas aplicando conocimientos te\u00f3ricos a situaciones pr\u00e1cticas.<\/li><li>Habilidad en la utilizaci\u00f3n de implementos y equipos apropiados para el an\u00e1lisis.<\/li><li>Conocer y aplicar las normas Nacionales e Internacionales de an\u00e1lisis para el control de calidad.<\/li><li>Conocer y familiarizarse con las instalaciones industriales para los procesos productivos en la industria qu\u00edmica.<\/li><li>Conocer los fundamentos de la administraci\u00f3n de laboratorios.<\/li><li>Identificar previo estudio, los mejores m\u00e9todos de an\u00e1lisis.<\/li><\/ul>\n\n\n\n<h3 class=\"wp-block-heading\"><strong>APTITUDES<\/strong><\/h3>\n\n\n\n<ul class=\"wp-block-list\"><li><strong>De s\u00edntesis:<\/strong> para extraer lo \u00fatil y lo ben\u00e9fico.<\/li><li><strong>De comunicaci\u00f3n:<\/strong> Para comunicarse y aceptar sugerencias, \u00f3rdenes y transmitir conocimientos.<\/li><li><strong>De ejecuci\u00f3n:<\/strong> Num\u00e9rico, abstracto y espacial.<\/li><\/ul>\n\n\n\n<hr class=\"wp-block-separator has-css-opacity\"\/>\n\n\n\n<h3 class=\"wp-block-heading\"><span><strong><em>PERFIL OCUPACIONAL<\/em><\/strong><\/span><\/h3>\n\n\n\n<p>El tecn\u00f3logo en Qu\u00edmica de la Universidad Tecnol\u00f3gica de Pereira,est\u00e1 en capacidad de:<\/p>\n\n\n\n<ul class=\"wp-block-list\"><li>Seleccionar y adaptar m\u00e9todos de an\u00e1lisis qu\u00edmicos para control de calidad.<\/li><li>Supervisar programas de control de calidad.<\/li><li>Colaborar en el dise\u00f1o y organizaci\u00f3n de laboratorios qu\u00edmicos de control de calidad.<\/li><li>Administrar laboratorios qu\u00edmicos de control de calidad.<\/li><li>Controlar procesos y operaciones previamente planificadas de producci\u00f3n en la industria qu\u00edmica.<\/li><li>Seleccionar y adaptar tecnolog\u00eda de procesos y operaciones a nivel de microindustria.<br>\n\tParticipar en programas de investigaci\u00f3n aplicada.<\/li><\/ul>\n","protected":false},"excerpt":{"rendered":"<p>PERFIL PROFESIONAL Se concibe el Perfil Profesional como los conocimientos adquiridos por el Tecn\u00f3logo Qu\u00edmico de la Universidad Tecnol\u00f3gica de Pereira y que lo capacitan para desarrollar todas las actividades que se indican en el [&#8230;]<\/p>\n","protected":false},"author":1,"featured_media":0,"comment_status":"closed","ping_status":"closed","sticky":false,"template":"","format":"standard","meta":{"footnotes":""},"categories":[1],"tags":[],"class_list":["post-9","post","type-post","status-publish","format-standard","hentry","category-sin-categoria"],"_links":{"self":[{"href":"https:\/\/tecnologia.utp.edu.co\/tecnologia-quimica\/wp-json\/wp\/v2\/posts\/9","targetHints":{"allow":["GET"]}}],"collection":[{"href":"https:\/\/tecnologia.utp.edu.co\/tecnologia-quimica\/wp-json\/wp\/v2\/posts"}],"about":[{"href":"https:\/\/tecnologia.utp.edu.co\/tecnologia-quimica\/wp-json\/wp\/v2\/types\/post"}],"author":[{"embeddable":true,"href":"https:\/\/tecnologia.utp.edu.co\/tecnologia-quimica\/wp-json\/wp\/v2\/users\/1"}],"replies":[{"embeddable":true,"href":"https:\/\/tecnologia.utp.edu.co\/tecnologia-quimica\/wp-json\/wp\/v2\/comments?post=9"}],"version-history":[{"count":2,"href":"https:\/\/tecnologia.utp.edu.co\/tecnologia-quimica\/wp-json\/wp\/v2\/posts\/9\/revisions"}],"predecessor-version":[{"id":10159,"href":"https:\/\/tecnologia.utp.edu.co\/tecnologia-quimica\/wp-json\/wp\/v2\/posts\/9\/revisions\/10159"}],"wp:attachment":[{"href":"https:\/\/tecnologia.utp.edu.co\/tecnologia-quimica\/wp-json\/wp\/v2\/media?parent=9"}],"wp:term":[{"taxonomy":"category","embeddable":true,"href":"https:\/\/tecnologia.utp.edu.co\/tecnologia-quimica\/wp-json\/wp\/v2\/categories?post=9"},{"taxonomy":"post_tag","embeddable":true,"href":"https:\/\/tecnologia.utp.edu.co\/tecnologia-quimica\/wp-json\/wp\/v2\/tags?post=9"}],"curies":[{"name":"wp","href":"https:\/\/api.w.org\/{rel}","templated":true}]}}