{"id":144,"date":"2025-02-10T17:08:11","date_gmt":"2025-02-10T22:08:11","guid":{"rendered":"https:\/\/tecnologia.utp.edu.co\/tecnologia-regencia-de-farmacia\/?p=144"},"modified":"2025-07-09T16:42:00","modified_gmt":"2025-07-09T21:42:00","slug":"informacion-docentes","status":"publish","type":"post","link":"https:\/\/tecnologia.utp.edu.co\/tecnologia-regencia-de-farmacia\/sin-categoria\/informacion-docentes\/","title":{"rendered":"Informaci\u00f3n docentes"},"content":{"rendered":"\n<figure class=\"wp-block-table is-style-stripes\"><table class=\"has-fixed-layout\"><tbody><tr><td class=\"has-text-align-center\" data-align=\"center\"><strong>Nombre<\/strong><\/td><td class=\"has-text-align-center\" data-align=\"center\"><strong>Formaci\u00f3n<\/strong><\/td><\/tr><tr><td class=\"has-text-align-center\" data-align=\"center\">Luz Stella Ram\u00edrez Aristiz\u00e1bal<\/td><td class=\"has-text-align-center\" data-align=\"center\">Doctora en Ciencias <br>Magister en microbiolog\u00eda <br>Licenciada en Educaci\u00f3n, Biolog\u00eda y Qu\u00edmica <\/td><\/tr><tr><td class=\"has-text-align-center\" data-align=\"center\">Edgar Mauricio Diez Londo\u00f1o<\/td><td class=\"has-text-align-center\" data-align=\"center\">Tecn\u00f3logo en Qu\u00edmica<br>Qu\u00edmico Farmac\u00e9utico<br>Especialista en Administraci\u00f3n de la Salud<\/td><\/tr><tr><td class=\"has-text-align-center\" data-align=\"center\">Mar\u00eda Fernanda Restrepo<\/td><td class=\"has-text-align-center\" data-align=\"center\">Qu\u00edmica Industrial<br>Magister en Ciencias Qu\u00edmicas<\/td><\/tr><tr><td class=\"has-text-align-center\" data-align=\"center\">Bibiana Mar\u00eda Toro Osorio<\/td><td class=\"has-text-align-center\" data-align=\"center\">Bacteri\u00f3loga<br>Magister internacional en Toxicolog\u00eda<\/td><\/tr><tr><td class=\"has-text-align-center\" data-align=\"center\">Alejandro Villa<\/td><td class=\"has-text-align-center\" data-align=\"center\">Administrador Industrial<br>Especialista en administraci\u00f3n de la salud<\/td><\/tr><tr><td class=\"has-text-align-center\" data-align=\"center\">Xiomara Arroyave Valderrama<\/td><td class=\"has-text-align-center\" data-align=\"center\">Qu\u00edmica Farmac\u00e9utica<\/td><\/tr><tr><td class=\"has-text-align-center\" data-align=\"center\">Natalia Eugenia Granada Mu\u00f1oz<\/td><td class=\"has-text-align-center\" data-align=\"center\">Tecn\u00f3loga en Regencia de Farmacia<br>Administradora de empresas<br>Especialista en Gerencia<\/td><\/tr><tr><td class=\"has-text-align-center\" data-align=\"center\">Johana Ospina<\/td><td class=\"has-text-align-center\" data-align=\"center\">Qu\u00edmica Farmac\u00e9utica<\/td><\/tr><tr><td class=\"has-text-align-center\" data-align=\"center\">Adriana Patricia Ramirez Casta\u00f1o<\/td><td class=\"has-text-align-center\" data-align=\"center\">Qu\u00edmica Farmac\u00e9utica<br>Maestr\u00eda en Epidemiolog\u00eda<\/td><\/tr><tr><td class=\"has-text-align-center\" data-align=\"center\">Carlos Humberto Montoya<\/td><td class=\"has-text-align-center\" data-align=\"center\">Tecn\u00f3logo en Qu\u00edmica<br>Qu\u00edmico Industrial<\/td><\/tr><tr><td class=\"has-text-align-center\" data-align=\"center\">Johny Roberto Rodr\u00edguez<\/td><td class=\"has-text-align-center\" data-align=\"center\">Licenciado en Qu\u00edmica<br>Doctorado en Ciencias Qu\u00edmicas<\/td><\/tr><tr><td class=\"has-text-align-center\" data-align=\"center\">Marleny Vergara Mu\u00f1oz <\/td><td class=\"has-text-align-center\" data-align=\"center\">Master en Microbiolog\u00eda<br>Licencia en Biolog\u00eda<br>Bacteri\u00f3loga y Laboratorista Cl\u00ednica<\/td><\/tr><tr><td class=\"has-text-align-center\" data-align=\"center\">Fabian Eduardo P\u00e1ez Penagos<\/td><td class=\"has-text-align-center\" data-align=\"center\">Qu\u00edmico Farmac\u00e9utico<br>Especialista en Administraci\u00f3n de la Salud<\/td><\/tr><tr><td class=\"has-text-align-center\" data-align=\"center\">Jessica Alexandra L\u00f3pez R\u00edos<\/td><td class=\"has-text-align-center\" data-align=\"center\">Qu\u00edmica Farmac\u00e9utica<br>Especialista en Ingenier\u00eda Biom\u00e9dica<\/td><\/tr><\/tbody><\/table><\/figure>\n\n\n\n<p><span class=\"post-content__span\"> <\/p>\n","protected":false},"excerpt":{"rendered":"<p>Nombre Formaci\u00f3n Luz Stella Ram\u00edrez Aristiz\u00e1bal Doctora en Ciencias Magister en microbiolog\u00eda Licenciada en Educaci\u00f3n, Biolog\u00eda y Qu\u00edmica Edgar Mauricio [&hellip;]<\/p>\n","protected":false},"author":18,"featured_media":0,"comment_status":"open","ping_status":"open","sticky":false,"template":"","format":"standard","meta":{"footnotes":""},"categories":[1],"tags":[],"class_list":["post-144","post","type-post","status-publish","format-standard","hentry","category-sin-categoria"],"_links":{"self":[{"href":"https:\/\/tecnologia.utp.edu.co\/tecnologia-regencia-de-farmacia\/wp-json\/wp\/v2\/posts\/144","targetHints":{"allow":["GET"]}}],"collection":[{"href":"https:\/\/tecnologia.utp.edu.co\/tecnologia-regencia-de-farmacia\/wp-json\/wp\/v2\/posts"}],"about":[{"href":"https:\/\/tecnologia.utp.edu.co\/tecnologia-regencia-de-farmacia\/wp-json\/wp\/v2\/types\/post"}],"author":[{"embeddable":true,"href":"https:\/\/tecnologia.utp.edu.co\/tecnologia-regencia-de-farmacia\/wp-json\/wp\/v2\/users\/18"}],"replies":[{"embeddable":true,"href":"https:\/\/tecnologia.utp.edu.co\/tecnologia-regencia-de-farmacia\/wp-json\/wp\/v2\/comments?post=144"}],"version-history":[{"count":3,"href":"https:\/\/tecnologia.utp.edu.co\/tecnologia-regencia-de-farmacia\/wp-json\/wp\/v2\/posts\/144\/revisions"}],"predecessor-version":[{"id":206,"href":"https:\/\/tecnologia.utp.edu.co\/tecnologia-regencia-de-farmacia\/wp-json\/wp\/v2\/posts\/144\/revisions\/206"}],"wp:attachment":[{"href":"https:\/\/tecnologia.utp.edu.co\/tecnologia-regencia-de-farmacia\/wp-json\/wp\/v2\/media?parent=144"}],"wp:term":[{"taxonomy":"category","embeddable":true,"href":"https:\/\/tecnologia.utp.edu.co\/tecnologia-regencia-de-farmacia\/wp-json\/wp\/v2\/categories?post=144"},{"taxonomy":"post_tag","embeddable":true,"href":"https:\/\/tecnologia.utp.edu.co\/tecnologia-regencia-de-farmacia\/wp-json\/wp\/v2\/tags?post=144"}],"curies":[{"name":"wp","href":"https:\/\/api.w.org\/{rel}","templated":true}]}}