{"id":150,"date":"2025-02-17T11:00:38","date_gmt":"2025-02-17T16:00:38","guid":{"rendered":"https:\/\/tecnologia.utp.edu.co\/tecnologia-regencia-de-farmacia\/?p=150"},"modified":"2025-02-17T11:00:38","modified_gmt":"2025-02-17T16:00:38","slug":"preguntas-frecuentes","status":"publish","type":"post","link":"https:\/\/tecnologia.utp.edu.co\/tecnologia-regencia-de-farmacia\/sin-categoria\/preguntas-frecuentes\/","title":{"rendered":"Preguntas Frecuentes"},"content":{"rendered":"\n<p><span class=\"post-content__span\"> Estimada comunidad acad\u00e9mica, <\/p>\n\n\n\n<p><span class=\"post-content__span\"> Abajo encontraran algunas preguntas frecuentes que pueden surgir sobre el programa de Tecnolog\u00eda en Regencia de Farmacia. <\/p>\n\n\n\n<p><span class=\"post-content__span\"> <strong>1. \u00bfQu\u00e9 es el Programa de Tecnolog\u00eda en Regencia de Farmacia?<\/strong><br><img decoding=\"async\" alt=\"\ud83d\udcda\" src=\"https:\/\/fonts.gstatic.com\/s\/e\/notoemoji\/16.0\/1f4da\/72.png\">&nbsp;Es un programa de pregrado en modalidad virtual que forma tecn\u00f3logos capacitados para dirigir y gestionar establecimientos farmac\u00e9uticos, garantizando el uso adecuado de medicamentos y asegurando la calidad en los servicios farmac\u00e9uticos.<\/p>\n\n\n\n<p><span class=\"post-content__span\"> <strong>2. \u00bfCu\u00e1l es la duraci\u00f3n y modalidad del programa?<\/strong><br><img decoding=\"async\" alt=\"\u23f3\" src=\"https:\/\/fonts.gstatic.com\/s\/e\/notoemoji\/16.0\/23f3\/72.png\">&nbsp;El programa tiene una duraci\u00f3n de 5 semestres y se ofrece completamente en modalidad virtual, brindando flexibilidad para que estudies desde cualquier lugar.&nbsp;<img decoding=\"async\" alt=\"\ud83c\udfe1\" src=\"https:\/\/fonts.gstatic.com\/s\/e\/notoemoji\/16.0\/1f3e1\/72.png\"><img decoding=\"async\" alt=\"\ud83d\udcbb\" src=\"https:\/\/fonts.gstatic.com\/s\/e\/notoemoji\/16.0\/1f4bb\/72.png\"><\/p>\n\n\n\n<p><span class=\"post-content__span\"> <strong>3. \u00bfQu\u00e9 t\u00edtulo obtendr\u00e9 al finalizar el programa?<\/strong><br><img decoding=\"async\" alt=\"\ud83c\udf93\" src=\"https:\/\/fonts.gstatic.com\/s\/e\/notoemoji\/16.0\/1f393\/72.png\">&nbsp;Al culminar exitosamente el programa, recibir\u00e1s el t\u00edtulo de&nbsp;<strong>Tecn\u00f3logo en Regencia de Farmacia<\/strong>.<\/p>\n\n\n\n<p><span class=\"post-content__span\"> <strong>4. \u00bfCu\u00e1les son los requisitos de admisi\u00f3n?<\/strong><br><img decoding=\"async\" alt=\"\ud83d\udcc4\" src=\"https:\/\/fonts.gstatic.com\/s\/e\/notoemoji\/16.0\/1f4c4\/72.png\">&nbsp;Se requiere presentar el examen del estado (con un peso del 70%) y el examen de admisi\u00f3n de la UTP (con un peso del 30%). Los cupos se asignan seg\u00fan los puntajes obtenidos hasta completarlos.<\/p>\n\n\n\n<p><span class=\"post-content__span\"> <strong>5. \u00bfQu\u00e9 perfil debe tener el aspirante al programa?<\/strong><br><img decoding=\"async\" alt=\"\ud83d\udc69\u200d\ud83d\udd2c\" src=\"https:\/\/fonts.gstatic.com\/s\/e\/notoemoji\/16.0\/1f469_200d_1f52c\/72.png\">&nbsp;Est\u00e1 dirigido a personas interesadas en desarrollar competencias en el \u00e1rea farmac\u00e9utica, con habilidades para el aprendizaje aut\u00f3nomo y colaborativo, y con motivaci\u00f3n por contribuir al bienestar en el sector salud.&nbsp;<img decoding=\"async\" alt=\"\u2764\ufe0f\" src=\"https:\/\/fonts.gstatic.com\/s\/e\/notoemoji\/16.0\/2764_fe0f\/72.png\"><img decoding=\"async\" alt=\"\ud83d\udc8a\" src=\"https:\/\/fonts.gstatic.com\/s\/e\/notoemoji\/16.0\/1f48a\/72.png\"><\/p>\n\n\n\n<p><span class=\"post-content__span\"> <strong>6. \u00bfQu\u00e9 oportunidades laborales tendr\u00e9 al graduarme?<\/strong><br><img decoding=\"async\" alt=\"\ud83d\udcbc\" src=\"https:\/\/fonts.gstatic.com\/s\/e\/notoemoji\/16.0\/1f4bc\/72.png\">&nbsp;Como egresado, podr\u00e1s dirigir establecimientos farmac\u00e9uticos mayoristas y minoristas, apoyar la gesti\u00f3n de servicios farmac\u00e9uticos y liderar actividades de inspecci\u00f3n y control, entre otras funciones en el sector farmac\u00e9utico.<\/p>\n\n\n\n<p><span class=\"post-content__span\"> <strong>7. \u00bfC\u00f3mo es el plan de estudios del programa?<\/strong><br><img decoding=\"async\" alt=\"\ud83d\udcd6\" src=\"https:\/\/fonts.gstatic.com\/s\/e\/notoemoji\/16.0\/1f4d6\/72.png\">&nbsp;El plan de estudios est\u00e1 estructurado en \u00e1reas b\u00e1sicas, socio-human\u00edsticas y profesionales, sumando un total de&nbsp;<strong>83 cr\u00e9ditos acad\u00e9micos<\/strong>&nbsp;distribuidos en los 5 semestres.<\/p>\n\n\n\n<p><span class=\"post-content__span\"> <strong>8. \u00bfC\u00f3mo puedo inscribirme en el programa?<\/strong><br><img decoding=\"async\" alt=\"\ud83d\udcdd\" src=\"https:\/\/fonts.gstatic.com\/s\/e\/notoemoji\/16.0\/1f4dd\/72.png\">&nbsp;Las inscripciones se realizan de manera virtual a trav\u00e9s de la p\u00e1gina oficial de la Universidad Tecnol\u00f3gica de Pereira. \u00a1Visita el sitio web para conocer las fechas y el proceso de inscripci\u00f3n!&nbsp;<img decoding=\"async\" alt=\"\ud83c\udf10\" src=\"https:\/\/fonts.gstatic.com\/s\/e\/notoemoji\/16.0\/1f310\/72.png\"><\/p>\n\n\n\n<p><span class=\"post-content__span\"> <strong>9. \u00bfTendr\u00e9 acompa\u00f1amiento durante el programa?<\/strong><br><img decoding=\"async\" alt=\"\u2728\" src=\"https:\/\/fonts.gstatic.com\/s\/e\/notoemoji\/16.0\/2728\/72.png\">&nbsp;\u00a1Por supuesto! Durante el semestre acad\u00e9mico contar\u00e1s con&nbsp;<strong>apoyo constante<\/strong>&nbsp;por parte de los&nbsp;<strong>docentes<\/strong>, el&nbsp;<strong>programa<\/strong>&nbsp;y el&nbsp;<strong>sistema de acompa\u00f1amiento estudiantil<\/strong>. Nuestro objetivo es brindarte las herramientas necesarias para que alcances los resultados de aprendizaje esperados y tengas una experiencia educativa enriquecedora. \u00a1No estar\u00e1s solo en este camino<\/p>\n\n\n\n<p><span class=\"post-content__span\"> Atentamente,<\/p>\n\n\n\n<p><span class=\"post-content__span\"> Directora del programa<\/p>\n","protected":false},"excerpt":{"rendered":"<p>Estimada comunidad acad\u00e9mica, Abajo encontraran algunas preguntas frecuentes que pueden surgir sobre el programa de Tecnolog\u00eda en Regencia de Farmacia. [&hellip;]<\/p>\n","protected":false},"author":18,"featured_media":0,"comment_status":"open","ping_status":"open","sticky":false,"template":"","format":"standard","meta":{"footnotes":""},"categories":[1],"tags":[],"class_list":["post-150","post","type-post","status-publish","format-standard","hentry","category-sin-categoria"],"_links":{"self":[{"href":"https:\/\/tecnologia.utp.edu.co\/tecnologia-regencia-de-farmacia\/wp-json\/wp\/v2\/posts\/150","targetHints":{"allow":["GET"]}}],"collection":[{"href":"https:\/\/tecnologia.utp.edu.co\/tecnologia-regencia-de-farmacia\/wp-json\/wp\/v2\/posts"}],"about":[{"href":"https:\/\/tecnologia.utp.edu.co\/tecnologia-regencia-de-farmacia\/wp-json\/wp\/v2\/types\/post"}],"author":[{"embeddable":true,"href":"https:\/\/tecnologia.utp.edu.co\/tecnologia-regencia-de-farmacia\/wp-json\/wp\/v2\/users\/18"}],"replies":[{"embeddable":true,"href":"https:\/\/tecnologia.utp.edu.co\/tecnologia-regencia-de-farmacia\/wp-json\/wp\/v2\/comments?post=150"}],"version-history":[{"count":1,"href":"https:\/\/tecnologia.utp.edu.co\/tecnologia-regencia-de-farmacia\/wp-json\/wp\/v2\/posts\/150\/revisions"}],"predecessor-version":[{"id":154,"href":"https:\/\/tecnologia.utp.edu.co\/tecnologia-regencia-de-farmacia\/wp-json\/wp\/v2\/posts\/150\/revisions\/154"}],"wp:attachment":[{"href":"https:\/\/tecnologia.utp.edu.co\/tecnologia-regencia-de-farmacia\/wp-json\/wp\/v2\/media?parent=150"}],"wp:term":[{"taxonomy":"category","embeddable":true,"href":"https:\/\/tecnologia.utp.edu.co\/tecnologia-regencia-de-farmacia\/wp-json\/wp\/v2\/categories?post=150"},{"taxonomy":"post_tag","embeddable":true,"href":"https:\/\/tecnologia.utp.edu.co\/tecnologia-regencia-de-farmacia\/wp-json\/wp\/v2\/tags?post=150"}],"curies":[{"name":"wp","href":"https:\/\/api.w.org\/{rel}","templated":true}]}}