{"id":79,"date":"2025-02-04T08:43:15","date_gmt":"2025-02-04T13:43:15","guid":{"rendered":"https:\/\/tecnologia.utp.edu.co\/tecnologia-regencia-de-farmacia\/?p=79"},"modified":"2025-02-04T09:25:47","modified_gmt":"2025-02-04T14:25:47","slug":"estructura-curricular","status":"publish","type":"post","link":"https:\/\/tecnologia.utp.edu.co\/tecnologia-regencia-de-farmacia\/sin-categoria\/estructura-curricular\/","title":{"rendered":"Estructura Curricular"},"content":{"rendered":"\n<p><span class=\"post-content__span\"> 5 semestres, 83 cr\u00e9ditos acad\u00e9micos<\/p>\n\n\n\n<ul class=\"wp-block-list\">\n<li><strong>Contenidos tem\u00e1ticos:<\/strong><ul><li>\u00c1rea B\u00e1sica<\/li><\/ul><ul><li>\u00c1rea Socio Human\u00edstica<\/li><\/ul>\n<ul class=\"wp-block-list\">\n<li>\u00c1rea Profesional<\/li>\n<\/ul>\n<\/li>\n\n\n\n<li><strong>Material bibliogr\u00e1fico:<\/strong> Disponible en Biblioteca Jorge Roa Mart\u00ednez<\/li>\n\n\n\n<li><strong>Documentos de inter\u00e9s:<\/strong> Proyecto Educativo Institucional, Estatuto Docente<\/li>\n\n\n\n<li><strong>Director del programa:<\/strong> Luz Stella Ram\u00edrez Aristiz\u00e1bal (Decana de la Facultad de Tecnolog\u00eda)<\/li>\n<\/ul>\n","protected":false},"excerpt":{"rendered":"<p>5 semestres, 83 cr\u00e9ditos acad\u00e9micos<\/p>\n","protected":false},"author":1,"featured_media":0,"comment_status":"open","ping_status":"open","sticky":false,"template":"","format":"standard","meta":{"footnotes":""},"categories":[1],"tags":[],"class_list":["post-79","post","type-post","status-publish","format-standard","hentry","category-sin-categoria"],"_links":{"self":[{"href":"https:\/\/tecnologia.utp.edu.co\/tecnologia-regencia-de-farmacia\/wp-json\/wp\/v2\/posts\/79","targetHints":{"allow":["GET"]}}],"collection":[{"href":"https:\/\/tecnologia.utp.edu.co\/tecnologia-regencia-de-farmacia\/wp-json\/wp\/v2\/posts"}],"about":[{"href":"https:\/\/tecnologia.utp.edu.co\/tecnologia-regencia-de-farmacia\/wp-json\/wp\/v2\/types\/post"}],"author":[{"embeddable":true,"href":"https:\/\/tecnologia.utp.edu.co\/tecnologia-regencia-de-farmacia\/wp-json\/wp\/v2\/users\/1"}],"replies":[{"embeddable":true,"href":"https:\/\/tecnologia.utp.edu.co\/tecnologia-regencia-de-farmacia\/wp-json\/wp\/v2\/comments?post=79"}],"version-history":[{"count":2,"href":"https:\/\/tecnologia.utp.edu.co\/tecnologia-regencia-de-farmacia\/wp-json\/wp\/v2\/posts\/79\/revisions"}],"predecessor-version":[{"id":84,"href":"https:\/\/tecnologia.utp.edu.co\/tecnologia-regencia-de-farmacia\/wp-json\/wp\/v2\/posts\/79\/revisions\/84"}],"wp:attachment":[{"href":"https:\/\/tecnologia.utp.edu.co\/tecnologia-regencia-de-farmacia\/wp-json\/wp\/v2\/media?parent=79"}],"wp:term":[{"taxonomy":"category","embeddable":true,"href":"https:\/\/tecnologia.utp.edu.co\/tecnologia-regencia-de-farmacia\/wp-json\/wp\/v2\/categories?post=79"},{"taxonomy":"post_tag","embeddable":true,"href":"https:\/\/tecnologia.utp.edu.co\/tecnologia-regencia-de-farmacia\/wp-json\/wp\/v2\/tags?post=79"}],"curies":[{"name":"wp","href":"https:\/\/api.w.org\/{rel}","templated":true}]}}